{"id":8563,"date":"2023-09-12T14:54:41","date_gmt":"2023-09-12T04:54:41","guid":{"rendered":"https:\/\/www.thebuzz.net.au\/ssc\/?post_type=article&#038;p=8563"},"modified":"2023-09-13T11:52:22","modified_gmt":"2023-09-13T01:52:22","slug":"director-of-music-2","status":"publish","type":"article","link":"https:\/\/www.thebuzz.net.au\/ssc\/article\/director-of-music-2\/","title":{"rendered":"Director of Music"},"content":{"rendered":"\n<p>One of our Dominican pillars is <em>Community<\/em>, and it has been such a joy these past few weeks to see all the ways that Music plays a central role in fostering a sense of belonging and connectedness at Santa Sabina. Whether in our <em>Music Learning Walks<\/em> on Monday where hundreds of parents and friends came to observe our Del Monte Curriculum Music offerings in action; Stage Band adding some swing to the Leadership Assembly; Voice students performing for the Sisters in the Regina Mundi Convent; or our Chamber Strings and Taiko Drummers serenading us as we gathered ahead of the Sports Awards last week. The community and school partnerships are richly fostered here, and our musicians find such joy when they can share music with those they love.&nbsp;&nbsp;<\/p>\n\n\n\n<p>Thank you to those members of our community who attended our <em>Chamber Ensemble Recital<\/em> in the beautiful Santa Sabina Chapel on Tuesday Evening, where a range of beautiful works was offered, old and new within the small ensemble context.&nbsp;<\/p>\n\n\n\n<p>Next Monday, the last of the term, we look forward to seeing our community for the Gioia House Strings &amp; the Sinfonietta Ensemble Open Rehearsal to take place in the Santa Sabina Hall. Though an early start, a coffee van will be parked out the front from 7:15am to satisfy the caffeination needs of our parents and teachers!<\/p>\n\n\n\n<figure class=\"wp-block-image size-large\"><a href=\"https:\/\/d1dfwahqlx324v.cloudfront.net\/uploads\/sites\/72\/2023\/09\/Sinfonietta-GH-Open-Rehearsal.jpg\"><img decoding=\"async\" src=\"https:\/\/d1dfwahqlx324v.cloudfront.net\/uploads\/sites\/72\/2023\/09\/Sinfonietta-GH-Open-Rehearsal-1024x577.jpg\" alt=\"\" class=\"wp-image-8612\" \/><\/a><\/figure>\n\n\n\n<h2 class=\"wp-block-heading\">Ex-student Caitlin Murphy and the London Philharmonic Orchestra<\/h2>\n\n\n\n<p>It is wonderful too, to celebrate all the ways Santa musicians are engaging with the community and world beyond the Santa Sabina gates.&nbsp;We greatly value our partnership with the <strong>Sydney Youth Orchestra<\/strong>, and we celebrate the rich and unique opportunities afforded to our Santa Sabina students through this affiliation. <a href=\"https:\/\/stream.sydneyoperahouse.com\/videos\/discovery-project-london-symphony-orchestra?utm_source=facebook&amp;utm_medium=organic&amp;utm_campaign=lso-kids-orchestra-stream&amp;utm_content=content\">Here is a video that features Caitlin Murphy<\/a> (Class of 2020), working with Sir Simon Rattle and members of the London Philharmonic Orchestra in a recent project at the Sydney Opera House.<\/p>\n\n\n\n<p>As we head into the holidays, I wish our whole community a safe and refreshing break.<\/p>\n\n\n\n<p><strong>Amy Richardson<\/strong><br>Director of Music P-12<\/p>\n\n\n\n<h2 class=\"wp-block-heading\">Co-curricular and extracurricular music<\/h2>\n\n\n\n<h3 class=\"wp-block-heading\">New instruments on offer in our Music Tuition Program!<\/h3>\n\n\n\n<p>We are excited to introduce <strong>Kaela Phillips<\/strong> who has commenced with us as our resident Harp specialist. Kaela has been playing the harp for over 17 years and attended a performing arts high school pursuing music, before going on to complete a Bachelor of Music Performance at the Sydney Conservatorium of Music and a Master&#8217;s of Music Studies in Harp Performance at the end of 2021. She now teaches and plays harp full-time for events and with orchestras as well as solo performances. Kaela is passionate about her craft and would love to share it with you too!&nbsp;<\/p>\n\n\n\n<figure class=\"wp-block-image size-large\"><a href=\"https:\/\/d1dfwahqlx324v.cloudfront.net\/uploads\/sites\/72\/2023\/09\/image001.jpg\"><img decoding=\"async\" src=\"https:\/\/d1dfwahqlx324v.cloudfront.net\/uploads\/sites\/72\/2023\/09\/image001-1024x427.jpg\" alt=\"\" class=\"wp-image-8659\" \/><\/a><\/figure>\n\n\n\n<p>We are also taking enquiries for Term 4 2023 or Term 1 2024 Private Tuition commencement across the full range of instruments offered in our program. We are thrilled that due to the high number of world class tutors currently on our Music staff, we are able to accommodate new starters for tuition in:<\/p>\n\n\n\n<ul class=\"wp-block-list\">\n<li><strong>Violin<\/strong><\/li>\n\n\n\n<li><strong>Viola<\/strong><\/li>\n\n\n\n<li><strong>Cello<\/strong><\/li>\n\n\n\n<li><strong>Double Bass<\/strong><\/li>\n\n\n\n<li><strong>Voice<\/strong><\/li>\n\n\n\n<li><strong>Flute<\/strong><\/li>\n\n\n\n<li><strong>Clarinet<\/strong><\/li>\n\n\n\n<li><strong>Oboe<\/strong><\/li>\n\n\n\n<li><strong>Bassoon<\/strong><\/li>\n\n\n\n<li><strong>Saxophone<\/strong><\/li>\n\n\n\n<li><strong>Trumpet<\/strong><\/li>\n\n\n\n<li><strong>Trombone<\/strong><\/li>\n\n\n\n<li><strong>Euphonium<\/strong><\/li>\n\n\n\n<li><strong>Tuba<\/strong><\/li>\n\n\n\n<li><strong>French Horn<\/strong><\/li>\n\n\n\n<li><strong>Harp<\/strong><\/li>\n\n\n\n<li><strong>Piano<\/strong><\/li>\n\n\n\n<li><strong>Orchestral Percussion<\/strong><\/li>\n\n\n\n<li><strong>Drumkit<\/strong><\/li>\n\n\n\n<li><strong>Guitar<\/strong><\/li>\n\n\n\n<li><strong>Bass Guitar<\/strong><br><br><\/li>\n<\/ul>\n\n\n\n<p>For more information about private tuition or any of our P-12 Music offerings, please contact Ms Suzanna Touma in the Music Office via <a href=\"mailto:music@ssc.nsw.edu.au\">music@ssc.nsw.edu.au<\/a>, or reach out to a Music Teacher with any questions you have, and they will be happy to offer guidance.<\/p>\n\n\n\n<h2 class=\"wp-block-heading\">Concert for the Sisters<\/h2>\n\n\n\n<p>The Sisters in the Regina Mundi Convent were treated to a musical showcase by some of our young voice students. A wonderful chance for students to gain performance experience, and with a delightfully appreciative audience. The students finished with a sung blessing for our Sisters, and were moved when the Sisters sang a Dominican blessing in return. The concert presented a wide range of repertoire from French Art Song to Music Theatre and plans are afoot for further performances for these important members of our community.<\/p>\n\n\n\n<h2 class=\"wp-block-heading\">Father&#8217;s Day Mass<\/h2>\n\n\n\n<p>Both Father\u2019s Day 2023 Masses held moving moments and thoughtful reflections, as we celebrated the crucial role Fathers play in our Santa community. The \u2018Del Monte Band\u2019 did a wonderful job supporting the liturgy for the P-4 Mass, and for the 7:30am Mass, our Chamber Singers led the communal music time with some wonderful reflective and participatory hymns.<\/p>\n\n\n\n<figure class=\"wp-block-gallery has-nested-images columns-default is-cropped wp-block-gallery-1 is-layout-flex wp-block-gallery-is-layout-flex\">\n<figure class=\"wp-block-image size-large\"><a href=\"https:\/\/d1dfwahqlx324v.cloudfront.net\/uploads\/sites\/72\/2023\/09\/FathersDayMass-33-1.jpg\"><img decoding=\"async\" data-id=\"8569\" src=\"https:\/\/d1dfwahqlx324v.cloudfront.net\/uploads\/sites\/72\/2023\/09\/FathersDayMass-33-1-1024x683.jpg\" alt=\"\" class=\"wp-image-8569\" \/><\/a><\/figure>\n\n\n\n<figure class=\"wp-block-image size-large\"><a href=\"https:\/\/d1dfwahqlx324v.cloudfront.net\/uploads\/sites\/72\/2023\/09\/FathersDayMass-27.jpg\"><img decoding=\"async\" data-id=\"8568\" src=\"https:\/\/d1dfwahqlx324v.cloudfront.net\/uploads\/sites\/72\/2023\/09\/FathersDayMass-27-1024x683.jpg\" alt=\"\" class=\"wp-image-8568\" \/><\/a><\/figure>\n<\/figure>\n\n\n\n<h2 class=\"wp-block-heading\">Friday Recital<\/h2>\n\n\n\n<p>Congratulations to all the solo performers in last Friday\u2019s Recital in the Adams Room in Holyrood. Featuring students from Del Monte all the way through to the seniormost years, the cool breeze in the air with the sun setting behind the leadlight in the Adams Room, Holyrood made for the most enjoyable afternoon soir\u00e9e! We look forward to hosting more recitals next term as the year draws towards its summer end.<\/p>\n\n\n\n<h2 class=\"wp-block-heading\">Music for our Sports Awards&nbsp;<\/h2>\n\n\n\n<p>The Sports Awards was a wonderful celebration of the dedication and grit our Santa girls show every week at school, and the Music Department enjoyed being part of this evening. Thank you to the musicians who gave their time to provide background music while the community gathered for canap\u00e9s. The Chamber String ensemble\u2019s Mozartian offerings were well received by all, and the Taiko Performance by the Cherry Blossom Trees was most exciting as a call to attention to commence the night\u2019s proceedings.<\/p>\n\n\n\n<h2 class=\"wp-block-heading\">Chamber Recital<\/h2>\n\n\n\n<p>On Tuesday evening, music lovers found quiet solitude in our Santa Sabina Chapel to enjoy beautiful works performed by C<em>hamber Choir, Brass Ensemble, Flute Ensemble, Junior &amp; Senior String Trios, String Quartets and Piano Trios and the Primary Chamber Strings<\/em>. From Kate Miller-Heidke to Felix Mendelssohn; Anton\u00edn Dvo\u0159\u00e1k to Natalie Nicholas, a diverse program was thoughtfully offered by our Santa Sabina students.<\/p>\n\n\n\n<figure class=\"wp-block-gallery has-nested-images columns-default is-cropped wp-block-gallery-2 is-layout-flex wp-block-gallery-is-layout-flex\">\n<figure class=\"wp-block-image size-large\"><a href=\"https:\/\/d1dfwahqlx324v.cloudfront.net\/uploads\/sites\/72\/2023\/09\/032A6249A-scaled.jpg\"><img decoding=\"async\" data-id=\"8663\" src=\"https:\/\/d1dfwahqlx324v.cloudfront.net\/uploads\/sites\/72\/2023\/09\/032A6249A-1024x683.jpg\" alt=\"\" class=\"wp-image-8663\" \/><\/a><\/figure>\n\n\n\n<figure class=\"wp-block-image size-large\"><a href=\"https:\/\/d1dfwahqlx324v.cloudfront.net\/uploads\/sites\/72\/2023\/09\/032A6269A-scaled.jpg\"><img decoding=\"async\" data-id=\"8664\" src=\"https:\/\/d1dfwahqlx324v.cloudfront.net\/uploads\/sites\/72\/2023\/09\/032A6269A-1024x683.jpg\" alt=\"\" class=\"wp-image-8664\" \/><\/a><\/figure>\n\n\n\n<figure class=\"wp-block-image size-large\"><a href=\"https:\/\/d1dfwahqlx324v.cloudfront.net\/uploads\/sites\/72\/2023\/09\/032A6276A-scaled.jpg\"><img decoding=\"async\" data-id=\"8665\" src=\"https:\/\/d1dfwahqlx324v.cloudfront.net\/uploads\/sites\/72\/2023\/09\/032A6276A-1024x683.jpg\" alt=\"\" class=\"wp-image-8665\" \/><\/a><\/figure>\n\n\n\n<figure class=\"wp-block-image size-large\"><a href=\"https:\/\/d1dfwahqlx324v.cloudfront.net\/uploads\/sites\/72\/2023\/09\/032A6281A-scaled.jpg\"><img decoding=\"async\" data-id=\"8666\" src=\"https:\/\/d1dfwahqlx324v.cloudfront.net\/uploads\/sites\/72\/2023\/09\/032A6281A-1024x683.jpg\" alt=\"\" class=\"wp-image-8666\" \/><\/a><\/figure>\n\n\n\n<figure class=\"wp-block-image size-large\"><a href=\"https:\/\/d1dfwahqlx324v.cloudfront.net\/uploads\/sites\/72\/2023\/09\/032A6288A-scaled.jpg\"><img decoding=\"async\" data-id=\"8667\" src=\"https:\/\/d1dfwahqlx324v.cloudfront.net\/uploads\/sites\/72\/2023\/09\/032A6288A-1024x683.jpg\" alt=\"\" class=\"wp-image-8667\" \/><\/a><\/figure>\n\n\n\n<figure class=\"wp-block-image size-large\"><a href=\"https:\/\/d1dfwahqlx324v.cloudfront.net\/uploads\/sites\/72\/2023\/09\/032A6310A-scaled.jpg\"><img decoding=\"async\" data-id=\"8668\" src=\"https:\/\/d1dfwahqlx324v.cloudfront.net\/uploads\/sites\/72\/2023\/09\/032A6310A-1024x683.jpg\" alt=\"\" class=\"wp-image-8668\" \/><\/a><\/figure>\n\n\n\n<figure class=\"wp-block-image size-large\"><a href=\"https:\/\/d1dfwahqlx324v.cloudfront.net\/uploads\/sites\/72\/2023\/09\/032A6354A-scaled.jpg\"><img decoding=\"async\" data-id=\"8669\" src=\"https:\/\/d1dfwahqlx324v.cloudfront.net\/uploads\/sites\/72\/2023\/09\/032A6354A-1024x683.jpg\" alt=\"\" class=\"wp-image-8669\" \/><\/a><\/figure>\n\n\n\n<figure class=\"wp-block-image size-large\"><a href=\"https:\/\/d1dfwahqlx324v.cloudfront.net\/uploads\/sites\/72\/2023\/09\/032A6391A-scaled.jpg\"><img decoding=\"async\" data-id=\"8670\" src=\"https:\/\/d1dfwahqlx324v.cloudfront.net\/uploads\/sites\/72\/2023\/09\/032A6391A-1024x683.jpg\" alt=\"\" class=\"wp-image-8670\" \/><\/a><\/figure>\n\n\n\n<figure class=\"wp-block-image size-large\"><a href=\"https:\/\/d1dfwahqlx324v.cloudfront.net\/uploads\/sites\/72\/2023\/09\/032A6414A-scaled.jpg\"><img decoding=\"async\" data-id=\"8671\" src=\"https:\/\/d1dfwahqlx324v.cloudfront.net\/uploads\/sites\/72\/2023\/09\/032A6414A-1024x683.jpg\" alt=\"\" class=\"wp-image-8671\" \/><\/a><\/figure>\n\n\n\n<figure class=\"wp-block-image size-large\"><a href=\"https:\/\/d1dfwahqlx324v.cloudfront.net\/uploads\/sites\/72\/2023\/09\/032A6449A-scaled.jpg\"><img decoding=\"async\" data-id=\"8672\" src=\"https:\/\/d1dfwahqlx324v.cloudfront.net\/uploads\/sites\/72\/2023\/09\/032A6449A-1024x683.jpg\" alt=\"\" class=\"wp-image-8672\" \/><\/a><\/figure>\n\n\n\n<figure class=\"wp-block-image size-large\"><a href=\"https:\/\/d1dfwahqlx324v.cloudfront.net\/uploads\/sites\/72\/2023\/09\/032A6459A-scaled.jpg\"><img decoding=\"async\" data-id=\"8673\" src=\"https:\/\/d1dfwahqlx324v.cloudfront.net\/uploads\/sites\/72\/2023\/09\/032A6459A-1024x683.jpg\" alt=\"\" class=\"wp-image-8673\" \/><\/a><\/figure>\n<\/figure>\n\n\n\n<h2 class=\"wp-block-heading\">Honour Roll<\/h2>\n\n\n\n<p>Congratulations to Aiden Curran (Year 4) who achieved a Pass with High Distinction (A+) in her recent AMEB examination for Fifth Grade Double Bass.&nbsp;<\/p>\n\n\n\n<h2 class=\"wp-block-heading\">Musicianship Classes<\/h2>\n\n\n\n<p>Musicianship Mondays are continuing to run for the remainder of 2023, as part of a pilot program. While in this trial offering phase, enrolment remains FREE for 2023!&nbsp; Classes happen during lunch in Holyrood, and are a wonderful opportunity to assist students as they:<\/p>\n\n\n\n<ul class=\"wp-block-list\">\n<li>develop theory and aural skills&nbsp;<\/li>\n\n\n\n<li>develop music reading skills<\/li>\n\n\n\n<li>build on what they are learning in lessons and ensembles&nbsp;&nbsp;<\/li>\n\n\n\n<li>help prepare for AMEB exams, laying foundations for further musical exploration.<\/li>\n<\/ul>\n\n\n\n<figure class=\"wp-block-image size-large\"><a href=\"https:\/\/d1dfwahqlx324v.cloudfront.net\/uploads\/sites\/72\/2023\/09\/Musicianship.jpg\"><img decoding=\"async\" src=\"https:\/\/d1dfwahqlx324v.cloudfront.net\/uploads\/sites\/72\/2023\/09\/Musicianship-1024x577.jpg\" alt=\"\" class=\"wp-image-8577\" \/><\/a><\/figure>\n\n\n\n<p>Reach out to Ms Werlemann-Godfrey or <a href=\"mailto:music@ssc.nsw.edu.au\">music@ssc.nsw.edu.au<\/a> for more information on joining this valuable enrichment class.<\/p>\n\n\n\n<h2 class=\"wp-block-heading\">External Strings opportunity<\/h2>\n\n\n\n<p>A reminder about \u2018<a href=\"https:\/\/www.metorchestra.com.au\/event\/string-camp-2023\/\">The Metropolitan Orchestra Junior String Camp 2023<\/a>\u2019: a three-day music camp in the September school holidays for string players aged between 7-12, and playing at AMEB Grade 2 standard and above.<\/p>\n\n\n\n<h2 class=\"wp-block-heading\">Find out more<\/h2>\n\n\n\n<p>If you would like to know more about one of our music offerings across the school (be it choirs, bands, orchestras or private tuition) please reach out via <a href=\"mailto:music@ssc.nsw.edu.au\">music@ssc.nsw.edu.au<\/a> or reach out to Ms Suzanna Touma in the Music Office directly <a href=\"mailto:s.touma@ssc.nsw.edu.au\">s.touma@ssc.nsw.edu.au<\/a> and we will be happy to assist you.<\/p>\n\n\n\n<h2 class=\"wp-block-heading\">More Music<\/h2>\n\n\n\n<p>There are so many exciting music happenings across our great school each week! Be sure to click the links below to be kept in the know, and to find out more about the extracurricular and co-curricular opportunities available to our students across P-12! Private lessons, ensembles \u2013 there is something for every student at Santa.<\/p>\n\n\n\n<div class=\"wp-block-buttons is-layout-flex wp-block-buttons-is-layout-flex\">\n<div class=\"wp-block-button\"><a class=\"wp-block-button__link wp-element-button\" href=\"https:\/\/www.thebuzz.net.au\/ssc\/article\/music-at-mary-bailey-and-del-monte\/\">Curricular Music in the Early Years (P-4)<\/a><\/div>\n<\/div>\n\n\n\n<div class=\"wp-block-buttons is-layout-flex wp-block-buttons-is-layout-flex\">\n<div class=\"wp-block-button\"><a class=\"wp-block-button__link wp-element-button\" href=\"https:\/\/www.thebuzz.net.au\/ssc\/article\/music-at-gioia-house-curricular-3\/\">Curricular Music at Gioia House (5-6)<\/a><\/div>\n<\/div>\n\n\n\n<div class=\"wp-block-buttons is-layout-flex wp-block-buttons-is-layout-flex\">\n<div class=\"wp-block-button\"><a class=\"wp-block-button__link wp-element-button\" href=\"https:\/\/www.thebuzz.net.au\/ssc\/article\/music-in-the-senior-school-curricular-2\/\">Curricular Music in the Senior Years (7-12)<\/a><\/div>\n<\/div>\n","protected":false},"excerpt":{"rendered":"<p>One of our Dominican pillars is Community, and it has been such a joy these past few weeks to see all the ways that Music plays a central role in fostering a sense of belonging and connectedness at Santa Sabina. Whether in our Music Learning Walks on Monday where hundreds of parents and friends came [&hellip;]<\/p>\n","protected":false},"featured_media":0,"comment_status":"closed","ping_status":"closed","template":"","article_category":[7],"article_tag":[],"class_list":["post-8563","article","type-article","status-publish","hentry","article_category-co-curricular"],"_links":{"self":[{"href":"https:\/\/www.thebuzz.net.au\/ssc\/wp-json\/wp\/v2\/article\/8563","targetHints":{"allow":["GET"]}}],"collection":[{"href":"https:\/\/www.thebuzz.net.au\/ssc\/wp-json\/wp\/v2\/article"}],"about":[{"href":"https:\/\/www.thebuzz.net.au\/ssc\/wp-json\/wp\/v2\/types\/article"}],"replies":[{"embeddable":true,"href":"https:\/\/www.thebuzz.net.au\/ssc\/wp-json\/wp\/v2\/comments?post=8563"}],"wp:attachment":[{"href":"https:\/\/www.thebuzz.net.au\/ssc\/wp-json\/wp\/v2\/media?parent=8563"}],"wp:term":[{"taxonomy":"article_category","embeddable":true,"href":"https:\/\/www.thebuzz.net.au\/ssc\/wp-json\/wp\/v2\/article_category?post=8563"},{"taxonomy":"article_tag","embeddable":true,"href":"https:\/\/www.thebuzz.net.au\/ssc\/wp-json\/wp\/v2\/article_tag?post=8563"}],"curies":[{"name":"wp","href":"https:\/\/api.w.org\/{rel}","templated":true}]}}